[{"@context":"https:\/\/schema.org\/","@type":"Article","@id":"https:\/\/www.fleuron.cz\/cely-den-vsede\/#Article","mainEntityOfPage":"https:\/\/www.fleuron.cz\/cely-den-vsede\/","headline":"Cel\u00fd den vsed\u011b","name":"Cel\u00fd den vsed\u011b","description":"V dne\u0161n\u00ed dob\u011b mnoho lid\u00ed sed\u00ed cel\u00fd den, ani\u017e by si to uv\u011bdomovali. Nejprve sed\u00edme cel\u00fd den v pr\u00e1ci, pot\u00e9&hellip;","datePublished":"2024-12-13","dateModified":"2024-12-13","author":{"@type":"Person","@id":"https:\/\/www.fleuron.cz\/author\/#Person","name":"","url":"https:\/\/www.fleuron.cz\/author\/","identifier":1,"image":{"@type":"ImageObject","@id":"https:\/\/secure.gravatar.com\/avatar\/e7b590144558ebad68292226b8af0772e2d53ba82fa105c348ae9b5254e51a11?s=96&d=mm&r=g","url":"https:\/\/secure.gravatar.com\/avatar\/e7b590144558ebad68292226b8af0772e2d53ba82fa105c348ae9b5254e51a11?s=96&d=mm&r=g","height":96,"width":96}},"publisher":{"@type":"Organization","name":"fleuron.cz","logo":{"@type":"ImageObject","@id":"\/logo.png","url":"\/logo.png","width":600,"height":60}},"url":"https:\/\/www.fleuron.cz\/cely-den-vsede\/","wordCount":173,"articleBody":"V dne\u0161n\u00ed dob\u011b mnoho lid\u00ed sed\u00ed cel\u00fd den, ani\u017e by si to uv\u011bdomovali. Nejprve sed\u00edme cel\u00fd den v pr\u00e1ci, pot\u00e9 jedeme dom\u016f autem nebo m\u011bstskou hromadnou dopravou, kde si op\u011bt sedneme, a kdy\u017e doraz\u00edme dom\u016f, c\u00edt\u00edme se tak unaven\u00ed, \u017ee si op\u011bt sedneme nap\u0159. k televizi nebo s kn\u00ed\u017ekou. Potom se v\u0161ak nem\u016f\u017eeme divit, \u017ee n\u00e1s tr\u00e1p\u00ed bolest zad. Se\u010fme zdrav\u011b Kdy\u017e u\u017e m\u00e1me takov\u00e9 dny, m\u016f\u017eeme si pomoci alespo\u0148 t\u00edm, \u017ee budeme sed\u011bt spr\u00e1vn\u011b. K tomu slou\u017e\u00ed speci\u00e1ln\u011b tvarovan\u00e9 pol\u0161t\u00e1\u0159e, kter\u00e9 napom\u00e1haj\u00ed ke spr\u00e1vn\u00e9mu dr\u017een\u00ed t\u011bla. T\u00edm slou\u017e\u00ed jako prevence v\u016f\u010di bolestem zad, ale dok\u00e1\u017e\u00ed i napomoci k odstran\u011bn\u00ed t\u00e9to nep\u0159\u00edjemnosti. Nav\u00edc i napom\u00e1haj\u00ed k tvarov\u00e1n\u00ed svalstva a rychlej\u0161\u00edmu spalov\u00e1n\u00ed kalori\u00ed. M\u016f\u017eeme tak alespo\u0148 n\u011bco ud\u011blat pro sv\u00e9 t\u011blo, kdy\u017e se nedonut\u00edme j\u00edt cvi\u010dit.                                                                                                                                                                                                                                                                                                                                                                                        5\/5 - (1 vote)        "},{"@context":"https:\/\/schema.org\/","@type":"BreadcrumbList","itemListElement":[{"@type":"ListItem","position":1,"name":"Cel\u00fd den vsed\u011b","item":"https:\/\/www.fleuron.cz\/cely-den-vsede\/#breadcrumbitem"}]}]