[{"@context":"https:\/\/schema.org\/","@type":"Article","@id":"https:\/\/www.fleuron.cz\/chcete-deti\/#Article","mainEntityOfPage":"https:\/\/www.fleuron.cz\/chcete-deti\/","headline":"Chcete d\u011bti?","name":"Chcete d\u011bti?","description":"M\u00edt d\u011bti je opravdu velik\u00e1 z\u00e1bava. Zn\u00e1m ale n\u011bkter\u00e9 lidi, kte\u0159\u00ed \u0159\u00edkaj\u00ed, \u017ee by necht\u011bli v\u016fbec m\u00edt \u017e\u00e1dn\u00e9 d\u011bti. Podle&hellip;","datePublished":"2023-10-11","dateModified":"2023-10-11","author":{"@type":"Person","@id":"https:\/\/www.fleuron.cz\/author\/#Person","name":"","url":"https:\/\/www.fleuron.cz\/author\/","identifier":1,"image":{"@type":"ImageObject","@id":"https:\/\/secure.gravatar.com\/avatar\/e7b590144558ebad68292226b8af0772e2d53ba82fa105c348ae9b5254e51a11?s=96&d=mm&r=g","url":"https:\/\/secure.gravatar.com\/avatar\/e7b590144558ebad68292226b8af0772e2d53ba82fa105c348ae9b5254e51a11?s=96&d=mm&r=g","height":96,"width":96}},"publisher":{"@type":"Organization","name":"fleuron.cz","logo":{"@type":"ImageObject","@id":"\/logo.png","url":"\/logo.png","width":600,"height":60}},"image":{"@type":"ImageObject","@id":"https:\/\/www.fleuron.cz\/wp-content\/uploads\/nursery-2114163_960_720_1.jpg","url":"https:\/\/www.fleuron.cz\/wp-content\/uploads\/nursery-2114163_960_720_1.jpg","height":0,"width":0},"url":"https:\/\/www.fleuron.cz\/chcete-deti\/","about":["D\u011bti\r"],"wordCount":440,"articleBody":"M\u00edt d\u011bti je opravdu velik\u00e1 z\u00e1bava. Zn\u00e1m ale n\u011bkter\u00e9 lidi, kte\u0159\u00ed \u0159\u00edkaj\u00ed, \u017ee by necht\u011bli v\u016fbec m\u00edt \u017e\u00e1dn\u00e9 d\u011bti. Podle m\u00e9ho n\u00e1zoru je to takov\u00e9 divn\u00e9 tvrzen\u00ed. Pro\u010d by n\u011bkdo necht\u011bl d\u011bti, ale mysl\u00edm si, \u017ee ur\u010dit\u011b v\u0161echno m\u00e1 sv\u016fj d\u016fvod, proto\u017ee bezd\u016fvodn\u011b by tohle n\u011bkdo asi ne\u0159ekl. Proto zn\u00e1m jednu\u00a0kamar\u00e1dku, kter\u00e1 tak\u00e9 \u0159\u00edk\u00e1, \u017ee by nikdy necht\u011bla m\u00edt d\u011bti, kdy\u017e jsem se j\u00ed zeptala, pro\u010d nechce d\u011bti, tak mi ihned odpov\u011bd\u011bla. Moje kamar\u00e1dka mi \u0159ekla, \u017ee pr\u00fd v\u016fbec nem\u00e1 n\u00e1ladu na to, aby m\u011bla d\u011bti. Pr\u00fd se dokonce tak\u00e9 boj\u00ed, aby potom nebyla ob\u00e9zn\u00ed. Samoz\u0159ejm\u011b, \u017ee n\u011bkter\u00e9 \u017eeny p\u0159iberou.Budou m\u00edt kila nav\u00edc, a to kv\u016fli tomu, \u017ee rodily. N\u011bkdo se t\u011bchto kil u\u017e v\u016fbec nezbav\u00ed. N\u011bkdy je to opravdu hodn\u011b smutn\u00e9. Zn\u00e1m ale mu\u017ee, kte\u0159\u00ed \u0159\u00edkaj\u00ed, \u017ee by tak\u00e9 necht\u011bli v\u016fbec m\u00edt d\u011bti. A tak jsem si \u0159ekla, \u017ee tohle je docela takov\u00e9 divn\u00e9 tvrzen\u00ed, ale vlastn\u011b to takhle u mu\u017e\u016f ch\u00e1pu. U p\u00e1n\u016f ch\u00e1pu v\u00edce, \u017ee necht\u011bj\u00ed d\u011bti u \u017een. Je to takov\u00e9 divn\u00e9. Ale samoz\u0159ejm\u011b, \u017ee v\u016fbec nikoho neodsuzuji. Je to ka\u017ed\u00e9ho v\u011bc. J\u00e1 sama ze za\u010d\u00e1tku jsem tak\u00e9 d\u011bti v\u016fbec necht\u011bla. Ale kdy\u017e jsem vid\u011bla kamar\u00e1dky, jak maj\u00ed d\u011bti, tak jsem zm\u011bnila n\u00e1zor. Rozhodla jsem se, \u017ee tak\u00e9 budu m\u00edt jedno\u00a0d\u00edt\u011b. Kdy\u017e jsme se potom s partnerem rozhodli, \u017ee budeme m\u00edt d\u00edt\u011b, tak jsem byla \u0161\u0165astn\u00e1. Ale z\u00e1rove\u0148 jsem tak\u00e9 byla nerv\u00f3zn\u00ed. Co\u00a0kdy\u017e budu \u0161patn\u00e1 matka?\u00a0Co\u00a0kdy\u017e tohle v\u016fbec nebudu zn\u00e1t, co kdy\u017e v\u016fbec nebudu v\u011bd\u011bt, jak se starat o d\u00edt\u011b? Kdy\u017e jsem tohle \u0159ekla mamince, tak ona \u0159ekla, \u017ee tohle se dozv\u00edm \u00fapln\u011b b\u011bhem jedn\u00e9\u00a0vte\u0159iny. Jakmile se d\u00edt\u011b narod\u00ed, tak v\u0161echno budu v\u011bd\u011bt. \u017de pr\u00fd tohle je instinkt. M\u00e1m d\u00e1vat pr\u00fd na sv\u016fj instinkt. A tak\u00e9 na \u017eenskou intuici. A jak maminka \u0159ekla, tak jsem tak\u00e9 ud\u011blala. \u0158ekla jsem si, \u017ee tohle p\u0159eci nem\u016f\u017ee b\u00fdt tak slo\u017eit\u00e9 postarat se o d\u00edt\u011b nem\u016f\u017ee b\u00fdt zase tak \u00fapln\u011b n\u00e1ro\u010dn\u00e9. A jak to nakonec dopadlo? Podle m\u00e9ho n\u00e1zoru jsem opravdu skv\u011bl\u00e1 matka.\u00a0                                                                                                                                                                                                                                                                                                                                                                                        4\/5 - (2 votes)        "},{"@context":"https:\/\/schema.org\/","@type":"BreadcrumbList","itemListElement":[{"@type":"ListItem","position":1,"name":"Chcete d\u011bti?","item":"https:\/\/www.fleuron.cz\/chcete-deti\/#breadcrumbitem"}]}]