[{"@context":"https:\/\/schema.org\/","@type":"Article","@id":"https:\/\/www.fleuron.cz\/jak-byla-osidlena-sous\/#Article","mainEntityOfPage":"https:\/\/www.fleuron.cz\/jak-byla-osidlena-sous\/","headline":"Jak byla os\u00eddlena sou\u0161","name":"Jak byla os\u00eddlena sou\u0161","description":"O tom, &Aring;&frac34;e &Aring;&frac34;ivot poch&Atilde;&iexcl;z&Atilde;&shy; z&Acirc;&nbsp;mo&Aring;&#8482;e, dnes ji&Aring;&frac34; nikdo nepochybuje. Na potvrzen&Atilde;&shy; t&Atilde;&copy;to teorie m&Atilde;&iexcl;me mnoh&Atilde;&copy; fosiln&Atilde;&shy; n&Atilde;&iexcl;lezy, kter&Atilde;&copy; jsou&hellip;","datePublished":"2023-09-28","dateModified":"2024-01-02","author":{"@type":"Person","@id":"https:\/\/www.fleuron.cz\/author\/#Person","name":"","url":"https:\/\/www.fleuron.cz\/author\/","identifier":1,"image":{"@type":"ImageObject","@id":"https:\/\/secure.gravatar.com\/avatar\/e7b590144558ebad68292226b8af0772e2d53ba82fa105c348ae9b5254e51a11?s=96&d=mm&r=g","url":"https:\/\/secure.gravatar.com\/avatar\/e7b590144558ebad68292226b8af0772e2d53ba82fa105c348ae9b5254e51a11?s=96&d=mm&r=g","height":96,"width":96}},"publisher":{"@type":"Organization","name":"fleuron.cz","logo":{"@type":"ImageObject","@id":"\/logo.png","url":"\/logo.png","width":600,"height":60}},"image":{"@type":"ImageObject","@id":"https:\/\/www.fleuron.cz\/wp-content\/uploads\/more5_1.jpg","url":"https:\/\/www.fleuron.cz\/wp-content\/uploads\/more5_1.jpg","height":0,"width":0},"url":"https:\/\/www.fleuron.cz\/jak-byla-osidlena-sous\/","about":["Zv\u00ed\u0159ata"],"wordCount":725,"articleBody":"O tom, &Aring;&frac34;e &Aring;&frac34;ivot poch&Atilde;&iexcl;z&Atilde;&shy; z&Acirc;&nbsp;mo&Aring;&#8482;e, dnes ji&Aring;&frac34; nikdo nepochybuje. Na potvrzen&Atilde;&shy; t&Atilde;&copy;to teorie m&Atilde;&iexcl;me mnoh&Atilde;&copy; fosiln&Atilde;&shy; n&Atilde;&iexcl;lezy, kter&Atilde;&copy; jsou objevov&Atilde;&iexcl;ny po cel&Atilde;&copy;m sv&Auml;&#8250;t&Auml;&#8250;. Z&Acirc;&nbsp;nich je tak&Atilde;&copy; patrn&Atilde;&copy;, &Aring;&frac34;e trvalo skute&Auml;n&Auml;&#8250; velmi dlouho, ne&Aring;&frac34; byla os&Atilde;&shy;dlena i sou&Aring;&iexcl;, a to hned z&Acirc;&nbsp;n&Auml;&#8250;kolika d&Aring;&macr;vod&Aring;&macr;.&Acirc;&nbsp;V&Acirc;&nbsp;prvn&Atilde;&shy; &Aring;&#8482;ad&Auml;&#8250; zde byla velmi vysok&Atilde;&iexcl; &Atilde;&ordm;rove&Aring;&#710; UV z&Atilde;&iexcl;&Aring;&#8482;en&Atilde;&shy;. Tehdy je&Aring;&iexcl;t&Auml;&#8250; neexistovala oz&Atilde;&sup3;nov&Atilde;&iexcl; vrstva, kter&Atilde;&iexcl; by proti n&Auml;&#8250;mu chr&Atilde;&iexcl;nila. A to bylo pro organismy smrt&Atilde;&shy;c&Atilde;&shy;. Proto se tak&Atilde;&copy; &Aring;&frac34;ivot rozvinul ve vod&Auml;&#8250;, kter&Atilde;&iexcl; jej alespo&Aring;&#710; &Auml;&Atilde;&iexcl;ste&Auml;n&Auml;&#8250; blokovala.&Acirc;&nbsp;&Acirc;&nbsp;To se v&Aring;&iexcl;ak zm&Auml;&#8250;nilo, kdy&Aring;&frac34; se objevily prvn&Atilde;&shy; fotosyntetizuj&Atilde;&shy;c&Atilde;&shy; organismy, kter&Atilde;&copy; za&Auml;aly produkovat kysl&Atilde;&shy;k. Jeho obsah v&Acirc;&nbsp;mo&Aring;&#8482;&Atilde;&shy;ch i v&Acirc;&nbsp;atmosf&Atilde;&copy;&Aring;&#8482;e postupn&Auml;&#8250; stoupal a&Aring;&frac34; do t&Atilde;&copy; m&Atilde;&shy;ry, &Aring;&frac34;e se v&Acirc;&nbsp;jej&Atilde;&shy;ch vrchn&Atilde;&shy;ch vrstv&Atilde;&iexcl;ch za&Auml;al tvo&Aring;&#8482;it oz&Atilde;&sup3;n. Tento proces trval samoz&Aring;&#8482;ejm&Auml;&#8250; nep&Aring;&#8482;edstaviteln&Auml;&#8250; dlouhou dobu, av&Aring;&iexcl;ak vedl k&Acirc;&nbsp;tomu, &Aring;&frac34;e &Aring;&frac34;ivot ji&Aring;&frac34; mohl vstoupit na suchou zem.&Acirc;&nbsp;Ov&Aring;&iexcl;em byla zde i dal&Aring;&iexcl;&Atilde;&shy; p&Aring;&#8482;ek&Atilde;&iexcl;&Aring;&frac34;ka &acirc;&#8364;&#8220; nebyl k&Acirc;&nbsp;tomu v&Acirc;&nbsp;podstat&Auml;&#8250; d&Aring;&macr;vod. Nesm&Atilde;&shy;me zapomenout, &Aring;&frac34;e na sou&Aring;&iexcl;i v&Acirc;&nbsp;tu dobu nebylo naprosto nic, a&Auml;koliv mo&Aring;&#8482;e p&Aring;&#8482;ekypovalo &Aring;&frac34;ivotem. To tak&Atilde;&copy; znamenalo, &Aring;&frac34;e zde nebyla &Aring;&frac34;&Atilde;&iexcl;dn&Atilde;&iexcl; potrava, a tedy ani d&Aring;&macr;vod, pro&Auml; by bylo nutn&Atilde;&copy; ji os&Atilde;&shy;dlovat.&Acirc;&nbsp;&Acirc;&nbsp;Zm&Auml;&#8250;na nastala a&Aring;&frac34; ve chv&Atilde;&shy;li, kdy se prvn&Atilde;&shy; &Aring;&#8482;asy a sinice za&Auml;aly zachyt&Atilde;&iexcl;vat na kamenech na hranici p&Aring;&#8482;&Atilde;&shy;boje. D&Atilde;&shy;ky tomu se musely adaptovat jak na &Aring;&frac34;ivot v&Acirc;&nbsp;mo&Aring;&#8482;i, tak i na sou&Aring;&iexcl;i. A to byl prvn&Atilde;&shy; krok k&Acirc;&nbsp;tomu, aby se zde uchytily dal&Aring;&iexcl;&Atilde;&shy; organismy, nejprve rostliny a n&Atilde;&iexcl;sledn&Auml;&#8250; tak&Atilde;&copy; &Aring;&frac34;ivo&Auml;ichov&Atilde;&copy;.&Acirc;&nbsp;Jakmile byla sou&Aring;&iexcl; pln&Auml;&#8250; os&Atilde;&shy;dlena, za&Auml;aly se organismy zde vyv&Atilde;&shy;jet skute&Auml;n&Auml;&#8250; p&Aring;&#8482;ekotn&Atilde;&frac12;m tempem. Ty prvn&Atilde;&shy; je&Aring;&iexcl;t&Auml;&#8250; pot&Aring;&#8482;ebovaly vodu k&Acirc;&nbsp;tomu, aby do n&Atilde;&shy; chodily vychov&Atilde;&iexcl;vat mlad&Atilde;&copy;, av&Aring;&iexcl;ak netrvalo dlouho, ne&Aring;&frac34; se objevila vejce s&Acirc;&nbsp;pevnou sko&Aring;&#8482;&Atilde;&iexcl;pkou, kter&Atilde;&iexcl; ji&Aring;&frac34; dostatek vody obsahovala a tak&Atilde;&copy; tuto vodu nijak neztr&Atilde;&iexcl;cela.&Acirc;&nbsp;D&Aring;&macr;sledek toho v&Aring;&iexcl;eho pak m&Aring;&macr;&Aring;&frac34;eme vid&Auml;&#8250;t i dnes, kdy &Aring;&frac34;ivot najdeme bez v&Atilde;&frac12;jimky na v&Aring;&iexcl;ech kontinentech. Je tedy jasn&Atilde;&copy;, &Aring;&frac34;e se uchyt&Atilde;&shy;, kdekoliv je to jen trochu mo&Aring;&frac34;n&Atilde;&copy;.                                                                                                                                                                                                                                                                                                                                                                                        3.9\/5 - (8 votes)        "},{"@context":"https:\/\/schema.org\/","@type":"BreadcrumbList","itemListElement":[{"@type":"ListItem","position":1,"name":"Jak byla os\u00eddlena sou\u0161","item":"https:\/\/www.fleuron.cz\/jak-byla-osidlena-sous\/#breadcrumbitem"}]}]