[{"@context":"https:\/\/schema.org\/","@type":"Article","@id":"https:\/\/www.fleuron.cz\/klimatizace-v-byte-dusledne-chrani-pred-nebezpecnym-uzehem\/#Article","mainEntityOfPage":"https:\/\/www.fleuron.cz\/klimatizace-v-byte-dusledne-chrani-pred-nebezpecnym-uzehem\/","headline":"Klimatizace v byt\u011b d\u016fsledn\u011b chr\u00e1n\u00ed p\u0159ed nebezpe\u010dn\u00fdm \u00fa\u017eehem","name":"Klimatizace v byt\u011b d\u016fsledn\u011b chr\u00e1n\u00ed p\u0159ed nebezpe\u010dn\u00fdm \u00fa\u017eehem","description":"St\u0159\u00edd\u00e1n\u00ed ro\u010dn\u00edch obdob\u00ed by n\u00e1m mohly z\u00e1vid\u011bt n\u011bkter\u00e9 tropick\u00e9 destinace, mo\u017en\u00e1, \u017ee lid\u00e9 z Tichomo\u0159\u00ed, kte\u0159\u00ed zav\u00edtaj\u00ed do Evropy za&hellip;","datePublished":"2022-02-09","dateModified":"2024-02-01","author":{"@type":"Person","@id":"https:\/\/www.fleuron.cz\/author\/#Person","name":"","url":"https:\/\/www.fleuron.cz\/author\/","identifier":1,"image":{"@type":"ImageObject","@id":"https:\/\/secure.gravatar.com\/avatar\/e7b590144558ebad68292226b8af0772e2d53ba82fa105c348ae9b5254e51a11?s=96&d=mm&r=g","url":"https:\/\/secure.gravatar.com\/avatar\/e7b590144558ebad68292226b8af0772e2d53ba82fa105c348ae9b5254e51a11?s=96&d=mm&r=g","height":96,"width":96}},"publisher":{"@type":"Organization","name":"fleuron.cz","logo":{"@type":"ImageObject","@id":"\/logo.png","url":"\/logo.png","width":600,"height":60}},"image":{"@type":"ImageObject","@id":"https:\/\/www.fleuron.cz\/wp-content\/uploads\/building-g2d3aa80dd_640.jpg","url":"https:\/\/www.fleuron.cz\/wp-content\/uploads\/building-g2d3aa80dd_640.jpg","height":0,"width":0},"url":"https:\/\/www.fleuron.cz\/klimatizace-v-byte-dusledne-chrani-pred-nebezpecnym-uzehem\/","about":["Produkty"],"wordCount":417,"articleBody":"   St\u0159\u00edd\u00e1n\u00ed ro\u010dn\u00edch obdob\u00ed by n\u00e1m mohly z\u00e1vid\u011bt n\u011bkter\u00e9 tropick\u00e9 destinace, mo\u017en\u00e1, \u017ee lid\u00e9 z Tichomo\u0159\u00ed, kte\u0159\u00ed zav\u00edtaj\u00ed do Evropy za historick\u00fdmi pam\u00e1tkami, skute\u010dn\u011b obdivuj\u00ed prom\u011bny p\u0159\u00edrody v kvetouc\u00edch sadech \u010di zahrad\u00e1ch na p\u0159elomu kv\u011btna a \u010dervna, a barevn\u00e9 listy strom\u016f ke konci bab\u00edho l\u00e9ta, co\u017e je p\u0159\u00edrodn\u00ed \u00fakaz, kter\u00fd v tropech neexistuje.St\u0159\u00edd\u00e1n\u00ed ro\u010dn\u00edch cykl\u016f m\u00e1 p\u0159\u00edm\u00fd vliv i na \u017eivotn\u00ed styl tamn\u00edch obyvatel, m\u011bn\u00ed se z\u010d\u00e1sti na\u0161e mentalita, v zim\u011b jsme v\u00edce uzav\u0159en\u00ed a sp\u00ed\u0161e skepti\u010dt\u00ed, v l\u00e9t\u011b r\u00e1di cestujeme a pohybujeme se venku s v\u011bt\u0161\u00ed touhou b\u00fdt bl\u00edzko p\u0159\u00edrodn\u00edm kr\u00e1s\u00e1m. To v\u0161e m\u00e1 ov\u0161em sv\u00e9 meze, a v letn\u00edm obdob\u00ed se jedn\u00e1 zejm\u00e9na o p\u0159\u00edli\u0161 vysok\u00e9 teploty. Jakmile toti\u017e teplota vzduchu p\u0159ekro\u010d\u00ed jistou hranici, p\u0159est\u00e1v\u00e1 to b\u00fdt p\u0159\u00edjemn\u00e9 a naopak se sna\u017e\u00edme ochladit r\u016fzn\u00fdmi zp\u016fsoby, abychom sn\u00ed\u017eili vliv tohoto stresov\u00e9ho faktoru. Nejjednodu\u0161\u0161\u00ed je tr\u00e1vit tento \u010das na koupali\u0161ti nebo n\u011bkde u \u0159eky, ale toto nelze prov\u00e1d\u011bt neust\u00e1le, pot\u0159ebujeme se tak\u00e9 m\u00edt kde pohodln\u011b naj\u00edst, odpo\u010dinout a vyspat, a to lze v podstat\u011b jen tam, kde je v provozu klimatizace.Klimatizace v Brn\u011b https:\/\/www.sunus.cz\/klimatizace m\u00e1 v l\u00e9t\u011b zna\u010dn\u00fd v\u00fdznam, nebo\u0165 jihomoravsk\u00fd region pat\u0159\u00ed k nejteplej\u0161\u00edm v republice. V dne\u0161n\u00ed dob\u011b nen\u00ed splitov\u00e1 jednotka v dom\u00e1cnosti ni\u010d\u00edm v\u00fdjime\u010dn\u00fdm, nen\u00ed pova\u017eov\u00e1na za nadstandard, zvl\u00e1\u0161t\u011b od doby, kdy se v roce 2015 l\u00e1maly v \u010dervenci a srpnu teplotn\u00ed rekordy, co\u017e tak\u00e9 mnoha lidem zp\u016fsobilo v\u00e1\u017en\u00e9 zdravotn\u00ed probl\u00e9my. \u00da\u017eeh (nikoli \u00fapal) je st\u00e1le jednou z nejz\u00e1va\u017en\u011bj\u0161\u00edch p\u0159\u00ed\u010din po\u0161kozen\u00ed zdrav\u00ed a nelze ji podce\u0148ovat jak u dosp\u011bl\u00fdch zdrav\u00fdch jedinc\u016f, tak zejm\u00e9na u senior\u016f, chronicky nemocn\u00fdch osob a mal\u00fdch d\u011bt\u00ed. Ka\u017ed\u00fd rozumn\u00fd l\u00e9ka\u0159 v\u00e1m potvrd\u00ed, \u017ee p\u0159ed \u00fa\u017eehem se mus\u00edme d\u016fsledn\u011b chr\u00e1nit, a \u017ee m\u016f\u017ee vyvolat kolaps organismu nejen v dom\u00e1cnosti \u010di v zam\u011bstn\u00e1n\u00ed, ale i v hromadn\u00fdch dopravn\u00edch prost\u0159edc\u00edch, n\u00e1kupn\u00edch z\u00f3n\u00e1ch a sportovi\u0161t\u00edch.                                                                                                                                                                                                                                                                                                                                                                                           4.2\/5 - (13 votes)        "},{"@context":"https:\/\/schema.org\/","@type":"BreadcrumbList","itemListElement":[{"@type":"ListItem","position":1,"name":"Klimatizace v byt\u011b d\u016fsledn\u011b chr\u00e1n\u00ed p\u0159ed nebezpe\u010dn\u00fdm \u00fa\u017eehem","item":"https:\/\/www.fleuron.cz\/klimatizace-v-byte-dusledne-chrani-pred-nebezpecnym-uzehem\/#breadcrumbitem"}]}]