[{"@context":"https:\/\/schema.org\/","@type":"Article","@id":"https:\/\/www.fleuron.cz\/kvalitni-pronajem\/#Article","mainEntityOfPage":"https:\/\/www.fleuron.cz\/kvalitni-pronajem\/","headline":"Kvalitn\u00ed pron\u00e1jem","name":"Kvalitn\u00ed pron\u00e1jem","description":"Managed server bude vhodn\u00fd i pro Va\u0161i firmu. Z\u00edsk\u00e1te kvalitn\u00ed pron\u00e1jem za p\u0159ijateln\u00e9 pen\u00edze. Ur\u010dit\u011b to bude pro V\u00e1s velk\u00fd&hellip;","datePublished":"2025-01-04","dateModified":"2025-01-04","author":{"@type":"Person","@id":"https:\/\/www.fleuron.cz\/author\/#Person","name":"","url":"https:\/\/www.fleuron.cz\/author\/","identifier":1,"image":{"@type":"ImageObject","@id":"https:\/\/secure.gravatar.com\/avatar\/e7b590144558ebad68292226b8af0772e2d53ba82fa105c348ae9b5254e51a11?s=96&d=mm&r=g","url":"https:\/\/secure.gravatar.com\/avatar\/e7b590144558ebad68292226b8af0772e2d53ba82fa105c348ae9b5254e51a11?s=96&d=mm&r=g","height":96,"width":96}},"publisher":{"@type":"Organization","name":"fleuron.cz","logo":{"@type":"ImageObject","@id":"\/logo.png","url":"\/logo.png","width":600,"height":60}},"url":"https:\/\/www.fleuron.cz\/kvalitni-pronajem\/","wordCount":176,"articleBody":"Managed server bude vhodn\u00fd i pro Va\u0161i firmu. Z\u00edsk\u00e1te kvalitn\u00ed pron\u00e1jem za p\u0159ijateln\u00e9 pen\u00edze. Ur\u010dit\u011b to bude pro V\u00e1s velk\u00fd p\u0159\u00ednos. Jist\u011b ocen\u00edte, \u017ee budete m\u00edt k dispozici ka\u017ed\u00fd den profesion\u00e1ln\u00ed podporu, kter\u00e1 se postar\u00e1 o bezprobl\u00e9mov\u00fd provoz, kter\u00fd je snem ka\u017ed\u00e9ho podnikatele, kter\u00fd nem\u00e1 \u010das, \u0159e\u0161it neust\u00e1le n\u011bjak\u00e9 probl\u00e9my s jeho po\u010d\u00edta\u010dovou z\u00e1kladnou v kancel\u00e1\u0159i jeho spole\u010dnosti. Komplexn\u00ed spr\u00e1va Managed server bude vhodn\u00fd i pro V\u00e1s. Pokud neust\u00e1le v\u00e1h\u00e1te, mo\u017en\u00e1 pot\u0159ebujete pouze ujistit, \u017ee budete m\u00edt zaji\u0161t\u011bnou komplexn\u00ed spr\u00e1vu Va\u0161\u00ed po\u010d\u00edta\u010dov\u00e9 z\u00e1kladny, kter\u00e1 V\u00e1m ob\u010das p\u0159id\u011bl\u00e1v\u00e1 vr\u00e1sky na \u010dele. Ne v\u0161e je v\u017edy pln\u011b funk\u010dn\u00ed a bez probl\u00e9m\u016f. V\u011bt\u0161inou v\u0161ak nem\u00e1te \u010das tyto probl\u00e9my neust\u00e1le \u0159e\u0161it a napravovat. O v\u0161e se postar\u00e1me za V\u00e1s.                                                                                                                                                                                                                                                                                                                                                                                        5\/5 - (1 vote)        "},{"@context":"https:\/\/schema.org\/","@type":"BreadcrumbList","itemListElement":[{"@type":"ListItem","position":1,"name":"Kvalitn\u00ed pron\u00e1jem","item":"https:\/\/www.fleuron.cz\/kvalitni-pronajem\/#breadcrumbitem"}]}]