[{"@context":"https:\/\/schema.org\/","@type":"Article","@id":"https:\/\/www.fleuron.cz\/myslete-dopredu\/#Article","mainEntityOfPage":"https:\/\/www.fleuron.cz\/myslete-dopredu\/","headline":"Myslete dop\u0159edu","name":"Myslete dop\u0159edu","description":"Dop\u0159edu znamen\u00e1 alespo\u0148 minim\u00e1ln\u011b den dop\u0159edu, proto\u017ee pak u\u017e je \u010dasto pozd\u011b na n\u011bjak\u00e9 \u0159e\u0161en\u00ed, proto se tak\u00e9 \u00fa\u0159ady musej\u00ed&hellip;","datePublished":"2024-11-01","dateModified":"2024-11-01","author":{"@type":"Person","@id":"https:\/\/www.fleuron.cz\/author\/#Person","name":"","url":"https:\/\/www.fleuron.cz\/author\/","identifier":1,"image":{"@type":"ImageObject","@id":"https:\/\/secure.gravatar.com\/avatar\/e7b590144558ebad68292226b8af0772e2d53ba82fa105c348ae9b5254e51a11?s=96&d=mm&r=g","url":"https:\/\/secure.gravatar.com\/avatar\/e7b590144558ebad68292226b8af0772e2d53ba82fa105c348ae9b5254e51a11?s=96&d=mm&r=g","height":96,"width":96}},"publisher":{"@type":"Organization","name":"fleuron.cz","logo":{"@type":"ImageObject","@id":"\/logo.png","url":"\/logo.png","width":600,"height":60}},"url":"https:\/\/www.fleuron.cz\/myslete-dopredu\/","wordCount":262,"articleBody":"\tDop\u0159edu znamen\u00e1 alespo\u0148 minim\u00e1ln\u011b den dop\u0159edu, proto\u017ee pak u\u017e je \u010dasto pozd\u011b na n\u011bjak\u00e9 \u0159e\u0161en\u00ed, proto se tak\u00e9 \u00fa\u0159ady musej\u00ed vy\u0159izovat dop\u0159edu, i kdy\u017e to mnoho lid\u00ed z\u00a0n\u00e1s v\u0161ech to nech\u00e1v\u00e1 a\u017e na posledn\u00ed chv\u00edl\u00ed, ale m\u011bli bychom na to myslet dop\u0159edu, aby bylo v\u0161echno v\u00a0po\u0159\u00e1dku. Pokud na n\u011bco mysl\u00edte dop\u0159edu, tak m\u00e1te \u010das se na r\u016fzn\u00e9 v\u011bci p\u0159ipravit. Vytvo\u0159it si p\u016fdu proto, aby v\u0161echno klapalo.\tJak to m\u00e1 klapat, kdy\u017e na n\u011bco zapomenete?M\u016f\u017ee se samoz\u0159ejm\u011b st\u00e1t, \u017ee na n\u011bco necht\u011b zapomenete, to se oby\u010dejn\u00fdm lidem p\u0159eci jen st\u00e1v\u00e1 denn\u011b, nebo ob\u010das, jak u koho, ale pokud pl\u00e1nujete m\u00edt nap\u0159\u00edklad sv\u00e9 vlastn\u00ed podnik\u00e1n\u00ed nebo zakl\u00e1d\u00e1te firmu a budete cokoliv prod\u00e1vat, tak je z\u0159ejm\u011b nezbytn\u00e9, abyste na r\u016fzn\u00e9 v\u011bci mysleli dop\u0159edu, pokud to neud\u011bl\u00e1te, m\u016f\u017eete se setkat s\u00a0ne\u00fasp\u011bchem, ale jsou i firmy, kter\u00e9 se pr\u00e1v\u011b t\u011bmto po\u017eadavk\u016fm sna\u017e\u00ed p\u0159izp\u016fsobit. Proto neust\u00e1le n\u011bkdo n\u011bco pot\u0159ebuje na posledn\u00ed chv\u00edli tak i oni jsou schopni pracovat velice efektivn\u011b a rychle. M\u016f\u017eete m\u00edt nap\u0159\u00edklad va\u0161e str\u00e1nky na internetu na prod\u00e1v\u00e1n\u00ed v\u00fdrobk\u016f \u010di zprost\u0159edkov\u00e1n\u00ed slu\u017eeb co\u017e je eshop rychle. Ten jste schopni si za\u0159\u00eddit b\u011bhem p\u00e1r chvil.\u00a0                                                                                                                                                                                                                                                                                                                                                                                                "},{"@context":"https:\/\/schema.org\/","@type":"BreadcrumbList","itemListElement":[{"@type":"ListItem","position":1,"name":"Myslete dop\u0159edu","item":"https:\/\/www.fleuron.cz\/myslete-dopredu\/#breadcrumbitem"}]}]