[{"@context":"https:\/\/schema.org\/","@type":"Article","@id":"https:\/\/www.fleuron.cz\/oblibeny-kun\/#Article","mainEntityOfPage":"https:\/\/www.fleuron.cz\/oblibeny-kun\/","headline":"Obl\u00edben\u00fd k\u016f\u0148","name":"Obl\u00edben\u00fd k\u016f\u0148","description":"Kdy\u017e jsem byla mal\u00e1, tak jsem hodn\u011b tou\u017eila po koni. K\u016f\u0148 byl moje nejobl\u00edben\u011bj\u0161\u00ed zv\u00ed\u0159e. A kdybyste \u0161li ke mn\u011b&hellip;","datePublished":"2022-05-22","dateModified":"2023-05-07","author":{"@type":"Person","@id":"https:\/\/www.fleuron.cz\/author\/#Person","name":"","url":"https:\/\/www.fleuron.cz\/author\/","identifier":1,"image":{"@type":"ImageObject","@id":"https:\/\/secure.gravatar.com\/avatar\/e7b590144558ebad68292226b8af0772e2d53ba82fa105c348ae9b5254e51a11?s=96&d=mm&r=g","url":"https:\/\/secure.gravatar.com\/avatar\/e7b590144558ebad68292226b8af0772e2d53ba82fa105c348ae9b5254e51a11?s=96&d=mm&r=g","height":96,"width":96}},"publisher":{"@type":"Organization","name":"fleuron.cz","logo":{"@type":"ImageObject","@id":"\/logo.png","url":"\/logo.png","width":600,"height":60}},"image":{"@type":"ImageObject","@id":"https:\/\/www.fleuron.cz\/wp-content\/uploads\/horse-561221_960_720_1.jpg","url":"https:\/\/www.fleuron.cz\/wp-content\/uploads\/horse-561221_960_720_1.jpg","height":0,"width":0},"url":"https:\/\/www.fleuron.cz\/oblibeny-kun\/","about":["Zv\u00ed\u0159ata"],"wordCount":454,"articleBody":"Kdy\u017e jsem byla mal\u00e1, tak jsem hodn\u011b tou\u017eila po koni. K\u016f\u0148 byl moje nejobl\u00edben\u011bj\u0161\u00ed zv\u00ed\u0159e. A kdybyste \u0161li ke mn\u011b do pokoje, tak byste vid\u011bli pouze sam\u00e9 plak\u00e1ty s ko\u0148mi. K\u016f\u0148 se mi l\u00edbil odjak\u017eiva. Proto\u017ee pamatuji si \u010das, kdy\u017e ho moje prababi\u010dka m\u011bla je\u0161t\u011b na zahrad\u011b, ale bohu\u017eel to byla pro babi\u010dka, tak jsem si j\u00ed ani moc neu\u017eila. K prababi\u010dce jsem chodila st\u00e1le za n\u00ed a ta jej\u00edm kon\u011bm, ale taky to nebylo tak dlouho, abych z toho hodn\u011b u\u017eila. Prababi\u010dka zem\u0159ela, kdy\u017e mi bylo v \u0161est let. A bohu\u017eel babi\u010dka a d\u011bda toho kon\u011b nezvl\u00e1dali, proto\u017ee m\u011bli oba dva nemocn\u00e1 kolena. Tak se toho kon\u011b zbavili. Bylo mi to hodn\u011b l\u00edto a t\u011b\u017eko jsme se s kon\u011bm lou\u010dila.Ale prarodi\u010de se toho kon\u011b necht\u011bli tak \u00fapln\u011b vzd\u00e1t, tak ho darovali vzd\u00e1len\u00e9mu p\u0159\u00edbuzenstvu. Jenom\u017ee oni bydleli hodn\u011b daleko, byla ta d\u00e1lka skoro dv\u011b st\u011b kilometr\u016f, tak\u017ee jsem b\u011bhem patn\u00e1cti let, co jsme pak toho kon\u011b nem\u011bli jsem se na n\u011bj byla pod\u00edvat pouze dvakr\u00e1t. A to je hodn\u011b m\u00e1lo, ale jako d\u00edt\u011b jsem u\u017e \u017e\u00e1dn\u00e9ho kon\u011b nem\u011bla, a to jsem nesla hodn\u011b t\u011b\u017eko. Zkou\u0161ela jsem rodi\u010de p\u0159emluvit, abychom k babi\u010dce po\u0159\u00eddili alespo\u0148 pon\u00edka, ale v\u016fbec to nevy\u0161lo. Nikdo necht\u011bl o koni ani o kon\u00edkovi sly\u0161et. Je to \u0161koda, proto\u017ee jsem velk\u00e1 milovnice zv\u00ed\u0159at. Jako mal\u00e1 jsem chovala k\u0159e\u010dky a andulky jenom\u017ee to nen\u00ed ono, jako m\u00edt kon\u011b. S kon\u011bm se d\u00e1 v\u00edc pomazlit, obejmout a taky si s n\u00edm u\u017e\u00edt spoustu legrace na n\u011bjak\u00fdch vyj\u00ed\u017e\u010fk\u00e1ch. A cht\u011bla jsem, aby to byl v\u017edycky m\u016fj sen, osedlat sv\u00e9ho kon\u011b a vyjet n\u011bkam do p\u0159\u00edrody t\u0159eba na p\u016fl dne. Jenom\u017ee bohu\u017eel si to m\u016f\u017eu splnit pouze sama. Za rok se st\u011bhujeme na vesnici, tak uvid\u00edm, kolik bude m\u00edsta na\u00a0m\u00e9\u00a0obl\u00edben\u00e9\u00a0zv\u00ed\u0159e, kon\u011b. T\u0159eba si tam n\u011bkam s p\u0159\u00edtelem ud\u011bl\u00e1me st\u00e1j, kam se vejde jeden kon\u00edk. A jac\u00ed jste milovn\u00edci zv\u00ed\u0159at vy? M\u011bli jste doma v d\u011btstv\u00ed sv\u00e9ho obl\u00edben\u00e9ho mazl\u00ed\u010dka nebo jste na tom byli jako j\u00e1, \u017ee se v\u00e1m nepo\u0161t\u011bstilo? Mnoha d\u011btem se toti\u017e sen o zv\u00ed\u0159\u00e1tku nespln\u00ed.                                                                                                                                                                                                                                                                                                                                                                                        4.2\/5 - (13 votes)        "},{"@context":"https:\/\/schema.org\/","@type":"BreadcrumbList","itemListElement":[{"@type":"ListItem","position":1,"name":"Obl\u00edben\u00fd k\u016f\u0148","item":"https:\/\/www.fleuron.cz\/oblibeny-kun\/#breadcrumbitem"}]}]