[{"@context":"https:\/\/schema.org\/","@type":"Article","@id":"https:\/\/www.fleuron.cz\/odpocinte-si-jen-vy-dva\/#Article","mainEntityOfPage":"https:\/\/www.fleuron.cz\/odpocinte-si-jen-vy-dva\/","headline":"Odpo\u010di\u0148te si jen vy dva","name":"Odpo\u010di\u0148te si jen vy dva","description":"B\u00fdt rodi\u010di a m\u00edt d\u011bti je samoz\u0159ejm\u011b kr\u00e1sn\u00e9, ale je to spousta zodpov\u011bdnosti a stoj\u00ed to spoustu \u010dasu a energie.&hellip;","datePublished":"2025-01-20","dateModified":"2025-01-20","author":{"@type":"Person","@id":"https:\/\/www.fleuron.cz\/author\/#Person","name":"","url":"https:\/\/www.fleuron.cz\/author\/","identifier":1,"image":{"@type":"ImageObject","@id":"https:\/\/secure.gravatar.com\/avatar\/e7b590144558ebad68292226b8af0772e2d53ba82fa105c348ae9b5254e51a11?s=96&d=mm&r=g","url":"https:\/\/secure.gravatar.com\/avatar\/e7b590144558ebad68292226b8af0772e2d53ba82fa105c348ae9b5254e51a11?s=96&d=mm&r=g","height":96,"width":96}},"publisher":{"@type":"Organization","name":"fleuron.cz","logo":{"@type":"ImageObject","@id":"\/logo.png","url":"\/logo.png","width":600,"height":60}},"image":{"@type":"ImageObject","@id":"https:\/\/www.fleuron.cz\/wp-content\/uploads\/pexels-pixabay-271639(1).jpg","url":"https:\/\/www.fleuron.cz\/wp-content\/uploads\/pexels-pixabay-271639(1).jpg","height":0,"width":0},"url":"https:\/\/www.fleuron.cz\/odpocinte-si-jen-vy-dva\/","about":["Business"],"wordCount":432,"articleBody":"   B\u00fdt rodi\u010di a m\u00edt d\u011bti je samoz\u0159ejm\u011b kr\u00e1sn\u00e9, ale je to spousta zodpov\u011bdnosti a stoj\u00ed to spoustu \u010dasu a energie. Pokud maj\u00ed rodi\u010de pravideln\u00e9 hl\u00edd\u00e1n\u00ed, jsou na tom psychicky daleko l\u00e9pe ne\u017e rodi\u010de, kte\u0159\u00ed se mus\u00ed spol\u00e9hat jen sami na sebe. N\u00e1rok na odpo\u010dinek bez d\u011bt\u00ed m\u00e1 ale \u00fapln\u011b ka\u017ed\u00fd, proto\u017ee v\u00fdchova d\u011bt\u00ed je skute\u010dn\u011b n\u00e1ro\u010dnou discipl\u00ednou. Pokud u\u017e del\u0161\u00ed dobu p\u0159em\u00fd\u0161l\u00edte \u017ee byste si pot\u0159ebovali odpo\u010dinout n\u011bkde o samot\u011b, zajist\u011bte si hl\u00edd\u00e1n\u00ed a objednejte si pobyt v Beskydech pro dva https:\/\/www.rzehaczek.cz\/cs\/.Pro\u010d Beskydy?Beskydy pat\u0159\u00ed mezi nejkr\u00e1sn\u011bj\u0161\u00ed m\u00edsta v \u010cesku, kde si ka\u017ed\u00fd m\u016f\u017ee naj\u00edt vy\u017eit\u00ed v l\u00e9t\u011b i v zim\u011b. Je tu spousta turistick\u00fdch chat, stezek pro cyklistick\u00e9 i p\u011b\u0161\u00ed sportov\u00e1n\u00ed, a m\u016f\u017eete si tu u\u017e\u00edt i lanovou dr\u00e1hu. Je pochopiteln\u00e9 \u017ee nejv\u011bt\u0161\u00ed n\u00e1v\u0161t\u011bvnost horsk\u00fdch st\u0159edisek b\u00fdv\u00e1 v zimn\u00edch obdob\u00edch, ale d\u00edky velk\u00e9mu mno\u017estv\u00ed mo\u017enost\u00ed, jak se zabavit v l\u00e9t\u011b, lid\u00e9 vyhled\u00e1vaj\u00ed tato m\u00edsta i v l\u00e9t\u011b. V na\u0161em penzionu se nach\u00e1z\u00ed n\u011bkolik apartm\u00e1n\u016f, kter\u00e9 v\u00e1m nab\u00eddnou ve\u0161ker\u00e9 z\u00e1zem\u00ed pro pobyt. Penzion disponuje celkovou kapacitou 33 postel\u00ed, a pobyt si zde mohu u\u017e\u00edt nejen \u0161koly p\u0159i pobytech v p\u0159\u00edrod\u011b, ale i cel\u00e9 skupiny n\u00e1v\u0161t\u011bvn\u00edk\u016f nebo t\u0159eba rodiny s d\u011btmi.Zaji\u0161\u0165ujeme nejen ubytov\u00e1n\u00ed, ale i r\u016fzn\u00e9 programy. P\u0159ipravujeme oslavy, svatby ale tak\u00e9 zab\u00edja\u010dky. I proto je tak velk\u00fd z\u00e1jem o pobyt pr\u00e1v\u011b v na\u0161em penzionu. Chcete dob\u00edt energii a chcete si u\u017e\u00edvat zase jen jeden druh\u00e9ho alespo\u0148 na chvilku? Chcete si u\u017e\u00edt p\u00e1r bezstarostn\u00fdch dn\u00ed a nemuset se pod\u0159izovat pot\u0159eb\u00e1m d\u011bt\u00ed? I rodi\u010de jsou jen lid\u00e9, a pot\u0159ebuj\u00ed si odpo\u010dinout. Nemus\u00edte m\u00edt v\u00fd\u010ditky sv\u011bdom\u00ed, proto\u017ee kdy\u017e jsou v pohod\u011b rodi\u010de, jsou v pohod\u011b i d\u011bti. Ubytovat se m\u016f\u017eete nap\u0159\u00edklad v pln\u011b vybaven\u00e9m apartm\u00e1nu, kde najdete i kuchy\u0148ku. M\u016f\u017eete se proch\u00e1zet po okol\u00ed, nebo si m\u016f\u017eete u\u017e\u00edvat na\u0161\u00ed skv\u011blou kuchyni. M\u016f\u017eete cel\u00fd pobyt jen prole\u017eet v posteli a odpo\u010d\u00edvat, to u\u017e je na v\u00e1s.                                                                                                                                                                                                                                                                                                                                                                                          4\/5 - (9 votes)        "},{"@context":"https:\/\/schema.org\/","@type":"BreadcrumbList","itemListElement":[{"@type":"ListItem","position":1,"name":"Odpo\u010di\u0148te si jen vy dva","item":"https:\/\/www.fleuron.cz\/odpocinte-si-jen-vy-dva\/#breadcrumbitem"}]}]