[{"@context":"https:\/\/schema.org\/","@type":"Article","@id":"https:\/\/www.fleuron.cz\/rudou-rtenku-byste-si-mely-vybirat-podle-barvy-pleti-i-oci\/#Article","mainEntityOfPage":"https:\/\/www.fleuron.cz\/rudou-rtenku-byste-si-mely-vybirat-podle-barvy-pleti-i-oci\/","headline":"Rudou rt\u011bnku byste si m\u011bly vyb\u00edrat podle barvy pleti i o\u010d\u00ed","name":"Rudou rt\u011bnku byste si m\u011bly vyb\u00edrat podle barvy pleti i o\u010d\u00ed","description":"\u010cerven\u00e1 rt\u011bnka je tady u\u017e od dob starov\u011bku a mo\u017en\u00e1 i d\u00e9le. \u010cerven\u00fdm pr\u00e1\u0161kem dovezen\u00fdm z\u00a0dalek\u00fdch kraj\u016f si zdobila rty&hellip;","datePublished":"2023-05-02","dateModified":"2023-05-02","author":{"@type":"Person","@id":"https:\/\/www.fleuron.cz\/author\/#Person","name":"","url":"https:\/\/www.fleuron.cz\/author\/","identifier":1,"image":{"@type":"ImageObject","@id":"https:\/\/secure.gravatar.com\/avatar\/e7b590144558ebad68292226b8af0772e2d53ba82fa105c348ae9b5254e51a11?s=96&d=mm&r=g","url":"https:\/\/secure.gravatar.com\/avatar\/e7b590144558ebad68292226b8af0772e2d53ba82fa105c348ae9b5254e51a11?s=96&d=mm&r=g","height":96,"width":96}},"publisher":{"@type":"Organization","name":"fleuron.cz","logo":{"@type":"ImageObject","@id":"\/logo.png","url":"\/logo.png","width":600,"height":60}},"url":"https:\/\/www.fleuron.cz\/rudou-rtenku-byste-si-mely-vybirat-podle-barvy-pleti-i-oci\/","wordCount":442,"articleBody":"\u010cerven\u00e1 rt\u011bnka je tady u\u017e od dob starov\u011bku a mo\u017en\u00e1 i d\u00e9le. \u010cerven\u00fdm pr\u00e1\u0161kem dovezen\u00fdm z\u00a0dalek\u00fdch kraj\u016f si zdobila rty Kleopatra a p\u0159ed n\u00ed i \u0158ekyn\u011b. \u010cerven\u00e1 rt\u011bnka m\u00e1 tak dlouhou historii, jako snad \u017e\u00e1dn\u00e9 jin\u00e9 l\u00ed\u010didlo, nav\u00edc po cel\u00e9m sv\u011bt\u011b.Japonky u\u017e\u00edvaly \u010dervenou rt\u011bnku stejn\u011b jako \u0158\u00edmanky a udr\u017eely se v\u00a0historii p\u0159es obdob\u00ed st\u0159edov\u011bku a\u017e do viktori\u00e1nsk\u00e9 Anglie, kde zaznamenaly skute\u010dn\u00fd \u00fasp\u011bch. Zat\u00edmco v\u00a0obdob\u00ed st\u0159edov\u011bku byly \u010derven\u00e9 rty dominantou prostitutek, postupn\u011b za\u010dala pronikat do vy\u0161\u0161\u00edch vrstev.A viktori\u00e1nsk\u00e1 Anglie, konkr\u00e9tn\u011b kr\u00e1lovna Al\u017eb\u011bta I., bez t\u00e9to kosmetick\u00e9 \u00fapravy nedala ani r\u00e1nu. Pr\u00e1v\u011b z\u00a0toho d\u016fvodu, \u017ee ve st\u0159edov\u011bku byly \u010derven\u00e9 rty barvou prostitutek, m\u011bla \u010derven\u00e1 rt\u011bnka vulg\u00e1rn\u00ed a m\u00edn\u011b negativn\u00ed konotace. Ov\u0161em pouze u v\u00fd\u0161e postaven\u00fdch dam. Na konci sedmn\u00e1ct\u00e9ho stolet\u00ed byly \u017eeny, kter\u00e9 nosily \u010derven\u00e9 rty, odsuzov\u00e1ny jako \u010darod\u011bjnice.A\u017e ve dvac\u00e1t\u00e9m stolet\u00ed dostala \u010derven\u00e1 rt\u011bnka naprosto jin\u00fd podt\u00f3n: pou\u017e\u00edvala ji Marylin Monroe a Coco Chanel. Dnes jsou takov\u00fdch odst\u00edn\u016f rt\u011bnek tis\u00edce, jak mezi nimi vybrat tu pravou?Sv\u011btlej\u0161\u00ed ple\u0165 a modr\u00e9 o\u010di \u2013 nar\u016f\u017eov\u011bl\u00e1 rt\u011bnkaPokud m\u00e1te sv\u011btlej\u0161\u00ed ple\u0165, nem\u011bla byste pou\u017e\u00edvat cokoli, v\u00a0\u010dem by va\u0161e poko\u017eka vypadala bled\u00e1 nebo nezdrav\u00e1. Proto byste se m\u011bla vyhnout p\u0159\u00edmo rud\u00fdm odst\u00edn\u016fm a volit rad\u011bji ty tepl\u00e9 r\u016f\u017eov\u00e9, zvl\u00e1\u0161\u0165 pokud k\u00a0tomu m\u00e1te je\u0161t\u011b sv\u011btle modr\u00e9 nebo modro\u0161ed\u00e9 o\u010di, kter\u00e9 tak\u00e9 p\u016fsob\u00ed studen\u011b.Sv\u011btlej\u0161\u00ed ple\u0165 a zelen\u00e9 o\u010di \u2013 sv\u011btle \u010derven\u00e1 rt\u011bnkaPokud m\u00e1te stejn\u011b sv\u011btlou ple\u0165 ale v\u00fdrazn\u011bj\u0161\u00ed o\u010di a t\u0159eba sv\u011btle hn\u011bd\u00e9 vlasy, nemus\u00edte se b\u00fdt \u010derven\u00fdch odst\u00edn\u016f, ale lep\u0161\u00ed y bylo, vyhnout se t\u011bm p\u0159\u00edmo rud\u00fdm a vy\u0159van\u00fdm odst\u00edn\u016fm.Tmav\u0161\u00ed ple\u0165 a hn\u011bd\u00e9 o\u010di \u2013 t\u0159e\u0161\u0148ov\u00e1 nebo v\u00ednov\u00e1 rt\u011bnkaPokud jste tmav\u0161\u00edho odst\u00ednu pleti, t\u0159eba jenom do\u010dasn\u011b od op\u00e1len\u00ed, nebo je v\u00e1m p\u0159irozen\u00e1 olivov\u00e1 barva pleti, nemus\u00edte se b\u00e1t tmav\u0161\u00edch odst\u00edn\u016f rt\u011bnky.Zrzav\u00e9 vlasy \u2013 krvav\u00e1 ale i kor\u00e1lov\u00e1 rt\u011bnkaVa\u0161e v\u00fdhoda je, \u017ee v\u00e1m slu\u0161\u00ed v\u0161echny \u010derven\u00e9 odst\u00edny. Je jenom na v\u00e1s, jak\u00fd pou\u017eijete.                                                                                                                                                                                                                                                                                                                                                                                        4.1\/5 - (9 votes)        "},{"@context":"https:\/\/schema.org\/","@type":"BreadcrumbList","itemListElement":[{"@type":"ListItem","position":1,"name":"Rudou rt\u011bnku byste si m\u011bly vyb\u00edrat podle barvy pleti i o\u010d\u00ed","item":"https:\/\/www.fleuron.cz\/rudou-rtenku-byste-si-mely-vybirat-podle-barvy-pleti-i-oci\/#breadcrumbitem"}]}]