[{"@context":"https:\/\/schema.org\/","@type":"Article","@id":"https:\/\/www.fleuron.cz\/utulny-domov\/#Article","mainEntityOfPage":"https:\/\/www.fleuron.cz\/utulny-domov\/","headline":"\u00datuln\u00fd domov","name":"\u00datuln\u00fd domov","description":"V\u017edycky jsem tou\u017eila po tom, \u017ee budu m\u00edt kr\u00e1sn\u00fd \u010dist\u00fd, a hlavn\u011b klidn\u00fd domov. Taky jsem tou\u017eila po tom, \u017ee&hellip;","datePublished":"2022-03-27","dateModified":"2023-05-07","author":{"@type":"Person","@id":"https:\/\/www.fleuron.cz\/author\/#Person","name":"","url":"https:\/\/www.fleuron.cz\/author\/","identifier":1,"image":{"@type":"ImageObject","@id":"https:\/\/secure.gravatar.com\/avatar\/e7b590144558ebad68292226b8af0772e2d53ba82fa105c348ae9b5254e51a11?s=96&d=mm&r=g","url":"https:\/\/secure.gravatar.com\/avatar\/e7b590144558ebad68292226b8af0772e2d53ba82fa105c348ae9b5254e51a11?s=96&d=mm&r=g","height":96,"width":96}},"publisher":{"@type":"Organization","name":"fleuron.cz","logo":{"@type":"ImageObject","@id":"\/logo.png","url":"\/logo.png","width":600,"height":60}},"image":{"@type":"ImageObject","@id":"https:\/\/www.fleuron.cz\/wp-content\/uploads\/pexels-ketut-subiyanto-4246056_1.jpg","url":"https:\/\/www.fleuron.cz\/wp-content\/uploads\/pexels-ketut-subiyanto-4246056_1.jpg","height":0,"width":0},"url":"https:\/\/www.fleuron.cz\/utulny-domov\/","about":["Domov"],"wordCount":456,"articleBody":"V\u017edycky jsem tou\u017eila po tom, \u017ee budu m\u00edt kr\u00e1sn\u00fd \u010dist\u00fd, a hlavn\u011b klidn\u00fd domov. Taky jsem tou\u017eila po tom, \u017ee budu m\u00edt velkou rodinu. \u0158\u00edkala jsem si, \u017ee v dne\u0161n\u00ed dob\u011b je sice docela n\u00e1ro\u010dn\u00e9 m\u00edt dv\u011b a v\u00edce d\u011bt\u00ed, ale j\u00e1 jsem si \u0159ekla, \u017ee t\u0159i d\u011bti bych si p\u0159\u00e1la. J\u00e1 jsem toti\u017e jedin\u00e1\u010dek a n\u011bkdy mi par\u0165\u00e1k doma v\u00e1\u017en\u011b chyb\u011bl. A mus\u00edm \u0159\u00edct, \u017ee n\u011bkdy mi to doma opravdu vadilo. T\u0159eba nap\u0159\u00edklad kdy\u017e rodi\u010de museli odjet pry\u010d tak m\u011b musela hl\u00eddat babi\u010dka. Sice mi to nevadilo, proto\u017ee babi\u010dku m\u00e1m r\u00e1da. Ale nem\u011bla jsem si s k\u00fdm hr\u00e1t. Proto\u017ee \u0161iroko daleko byly d\u011bti, kter\u00e9 ode m\u011b byly v\u011bkov\u011b hodn\u011b d\u00e1l. Bu\u010f to byly v\u0161echno mal\u00e9 d\u011bti anebo o hodn\u011b star\u0161\u00ed. Tak\u017ee jsem byla docela zklaman\u00e1, \u017ee nem\u00e1m doma nikoho, kter\u00fdm bych si a nic rozum\u011bla.A jak v\u0161ichni v\u00edme, tak sourozenec je asi nenahraditeln\u00fd. Ale n\u011bkdo si mo\u017en\u00e1 mysl\u00ed i opak. Je jasn\u00e9, \u017ee ne v\u0161ichni sourozenci si sednou a maj\u00ed se r\u00e1di. To je ale jin\u00e9 t\u00e9ma. A tak jsem si \u0159ekla, \u017ee a\u017e budu m\u00edt sv\u016fj vlastn\u00ed domov, tak si po\u0159\u00edd\u00edm alespo\u0148 dv\u011b nebo t\u0159i d\u011bti. A potom jsem potkala sv\u00e9ho budouc\u00edho man\u017eela. A mus\u00edm \u0159\u00edct, \u017ee jsem byla opravdu pot\u011b\u0161ena, kdy\u017e man\u017eel si p\u0159\u00e1l taky t\u0159i d\u011bti. Tak\u017ee jsme si v tomhle skv\u011ble padli do noty. A neub\u011bhly ani \u010dty\u0159i roky, kdy\u017e va\u0161em dom\u011b u\u017e cupitaly dv\u011b mal\u00e9 d\u011bti. V\u00edce jsem si p\u0159\u00e1t nemohla. M\u00e1m taky vysn\u011bn\u00fd d\u016fm, kter\u00fd si h\u00fd\u010dk\u00e1m a p\u0159eji si, aby n\u00e1\u0161 d\u016fm byl skv\u011bl\u00fd domov pro na\u0161i rodinu. V\u017edy\u0165 kdo by taky necht\u011bl m\u00edt kr\u00e1sn\u00fd a \u00fatuln\u00fd domov? S man\u017eelem se skoro v\u017edycky na v\u0161em shodli, tak\u017ee se u n\u00e1s nest\u00e1vaj\u00ed takov\u00e9 ty typick\u00e9\u00a0man\u017eelsk\u00e9\u00a0rozep\u0159e kv\u016fli tomu, \u017ee bychom se na n\u011b\u010dem neshodli. taky na\u0161e d\u011bti jsou hodn\u00e9 a f\u00e9rov\u00e9 a neh\u00e1daj\u00ed se. M\u00e1te sly\u0161et sousedovy d\u011bti, kter\u00e9 se st\u00e1le h\u00e1daj\u00ed. To j\u00e1 si \u0159\u00edk\u00e1m, \u017ee m\u00e1me hodn\u00e9 d\u011bti a klidn\u00fd domov k tomu. Taky si mysl\u00edm, \u017ee pokud \u010dlov\u011bk \u017eije ve spokojen\u00e9m domov\u011b, tak to m\u00e1 i dobr\u00fd vliv na zdrav\u00ed.                                                                                                                                                                                                                                                                                                                                                                                        4.2\/5 - (4 votes)        "},{"@context":"https:\/\/schema.org\/","@type":"BreadcrumbList","itemListElement":[{"@type":"ListItem","position":1,"name":"\u00datuln\u00fd domov","item":"https:\/\/www.fleuron.cz\/utulny-domov\/#breadcrumbitem"}]}]